{"id":3596,"date":"2021-01-20T10:55:00","date_gmt":"2021-01-20T09:55:00","guid":{"rendered":"https:\/\/wp.idlbiotech.com\/?p=3596"},"modified":"2022-09-02T11:06:11","modified_gmt":"2022-09-02T09:06:11","slug":"ceo-anders-hultman-commenting-on-fda-delay-due-to-covid-19","status":"publish","type":"post","link":"https:\/\/idldiagnostics.com\/se\/2021\/01\/20\/ceo-anders-hultman-commenting-on-fda-delay-due-to-covid-19\/","title":{"rendered":"VD, Anders Hultman, kommenterar FDA:s f\u00f6rsening p\u00e5 grund av Covid-19"},"content":{"rendered":"<h4 class=\"wp-block-heading\">I helgen meddelade den amerikanska l\u00e4kemedelsmyndigheten FDA att covid-19-pandemin och omf\u00f6rdelningen av personal leder till en \u00e4nnu mer f\u00f6rl\u00e4ngd handl\u00e4ggningstid f\u00f6r granskningar av inkomna ans\u00f6kningar. Anders Hultman, VD f\u00f6r AroCell, kommenterar FDA:s f\u00f6rsening i en intervju med Redeye.<\/h4>\n\n\n\n<iframe loading=\"lazy\" class=\"wistia_embed\" title=\"Wistia videospelare\" src=\"https:\/\/fast.wistia.net\/embed\/iframe\/7aawuijkxh\" name=\"wistia_embed\" width=\"1000\" height=\"563\" frameborder=\"0\" scrolling=\"no\" allowfullscreen=\"allowfullscreen\"><\/iframe>","protected":false},"excerpt":{"rendered":"<p>I helgen meddelade den amerikanska l\u00e4kemedelsmyndigheten FDA att covid-19-pandemin och omf\u00f6rdelningen av personal leder till en \u00e4nnu mer f\u00f6rl\u00e4ngd handl\u00e4ggningstid f\u00f6r granskningar av inkomna ans\u00f6kningar. Anders Hultman, VD f\u00f6r AroCell, kommenterar FDA:s f\u00f6rsening i en intervju med Redeye.<\/p>","protected":false},"author":1,"featured_media":0,"comment_status":"open","ping_status":"open","sticky":false,"template":"","format":"standard","meta":{"_et_pb_use_builder":"","_et_pb_old_content":"","_et_gb_content_width":"","footnotes":""},"categories":[11],"tags":[],"dipi_cpt_category":[],"class_list":["post-3596","post","type-post","status-publish","format-standard","hentry","category-news"],"yoast_head":"<!-- This site is optimized with the Yoast SEO plugin v27.4 - https:\/\/yoast.com\/product\/yoast-seo-wordpress\/ -->\n<title>CEO, Anders Hultman, Commenting on FDA delay due to Covid-19 - IDL Diagnostics<\/title>\n<meta name=\"robots\" content=\"index, follow, max-snippet:-1, max-image-preview:large, max-video-preview:-1\" \/>\n<link rel=\"canonical\" href=\"https:\/\/idldiagnostics.com\/se\/2021\/01\/20\/ceo-anders-hultman-commenting-on-fda-delay-due-to-covid-19\/\" \/>\n<meta property=\"og:locale\" content=\"sv_SE\" \/>\n<meta property=\"og:type\" content=\"article\" \/>\n<meta property=\"og:title\" content=\"CEO, Anders Hultman, Commenting on FDA delay due to Covid-19 - IDL Diagnostics\" \/>\n<meta property=\"og:description\" content=\"This weekend the US Food and Drug Administration (FDA) has informed that the impact of the COVID-19 pandemic and the reallocation of staff is leading to an even greater prolonged timeline for reviews of submissions. Anders Hultman, CEO of AroCell, commenting the FDA delay in an interview with Redeye.\" \/>\n<meta property=\"og:url\" content=\"https:\/\/idldiagnostics.com\/se\/2021\/01\/20\/ceo-anders-hultman-commenting-on-fda-delay-due-to-covid-19\/\" \/>\n<meta property=\"og:site_name\" content=\"IDL Diagnostics\" \/>\n<meta property=\"article:publisher\" content=\"https:\/\/www.facebook.com\/arocell\" \/>\n<meta property=\"article:published_time\" content=\"2021-01-20T09:55:00+00:00\" \/>\n<meta property=\"article:modified_time\" content=\"2022-09-02T09:06:11+00:00\" \/>\n<meta name=\"author\" content=\"insignjohan\" \/>\n<meta name=\"twitter:card\" content=\"summary_large_image\" \/>\n<meta name=\"twitter:label1\" content=\"Skriven av\" \/>\n\t<meta name=\"twitter:data1\" content=\"insignjohan\" \/>\n<script type=\"application\/ld+json\" class=\"yoast-schema-graph\">{\"@context\":\"https:\\\/\\\/schema.org\",\"@graph\":[{\"@type\":\"Article\",\"@id\":\"https:\\\/\\\/idldiagnostics.com\\\/2021\\\/01\\\/20\\\/ceo-anders-hultman-commenting-on-fda-delay-due-to-covid-19\\\/#article\",\"isPartOf\":{\"@id\":\"https:\\\/\\\/idldiagnostics.com\\\/2021\\\/01\\\/20\\\/ceo-anders-hultman-commenting-on-fda-delay-due-to-covid-19\\\/\"},\"author\":{\"name\":\"insignjohan\",\"@id\":\"https:\\\/\\\/idldiagnostics.com\\\/#\\\/schema\\\/person\\\/c53ef95aed85f62790948e1cc6b8cb70\"},\"headline\":\"CEO, Anders Hultman, Commenting on FDA delay due to Covid-19\",\"datePublished\":\"2021-01-20T09:55:00+00:00\",\"dateModified\":\"2022-09-02T09:06:11+00:00\",\"mainEntityOfPage\":{\"@id\":\"https:\\\/\\\/idldiagnostics.com\\\/2021\\\/01\\\/20\\\/ceo-anders-hultman-commenting-on-fda-delay-due-to-covid-19\\\/\"},\"wordCount\":59,\"commentCount\":0,\"publisher\":{\"@id\":\"https:\\\/\\\/idldiagnostics.com\\\/#organization\"},\"articleSection\":[\"News\"],\"inLanguage\":\"sv-SE\",\"potentialAction\":[{\"@type\":\"CommentAction\",\"name\":\"Comment\",\"target\":[\"https:\\\/\\\/idldiagnostics.com\\\/2021\\\/01\\\/20\\\/ceo-anders-hultman-commenting-on-fda-delay-due-to-covid-19\\\/#respond\"]}]},{\"@type\":\"WebPage\",\"@id\":\"https:\\\/\\\/idldiagnostics.com\\\/2021\\\/01\\\/20\\\/ceo-anders-hultman-commenting-on-fda-delay-due-to-covid-19\\\/\",\"url\":\"https:\\\/\\\/idldiagnostics.com\\\/2021\\\/01\\\/20\\\/ceo-anders-hultman-commenting-on-fda-delay-due-to-covid-19\\\/\",\"name\":\"CEO, Anders Hultman, Commenting on FDA delay due to Covid-19 - IDL Diagnostics\",\"isPartOf\":{\"@id\":\"https:\\\/\\\/idldiagnostics.com\\\/#website\"},\"datePublished\":\"2021-01-20T09:55:00+00:00\",\"dateModified\":\"2022-09-02T09:06:11+00:00\",\"breadcrumb\":{\"@id\":\"https:\\\/\\\/idldiagnostics.com\\\/2021\\\/01\\\/20\\\/ceo-anders-hultman-commenting-on-fda-delay-due-to-covid-19\\\/#breadcrumb\"},\"inLanguage\":\"sv-SE\",\"potentialAction\":[{\"@type\":\"ReadAction\",\"target\":[\"https:\\\/\\\/idldiagnostics.com\\\/2021\\\/01\\\/20\\\/ceo-anders-hultman-commenting-on-fda-delay-due-to-covid-19\\\/\"]}]},{\"@type\":\"BreadcrumbList\",\"@id\":\"https:\\\/\\\/idldiagnostics.com\\\/2021\\\/01\\\/20\\\/ceo-anders-hultman-commenting-on-fda-delay-due-to-covid-19\\\/#breadcrumb\",\"itemListElement\":[{\"@type\":\"ListItem\",\"position\":1,\"name\":\"Hem\",\"item\":\"https:\\\/\\\/idldiagnostics.com\\\/\"},{\"@type\":\"ListItem\",\"position\":2,\"name\":\"CEO, Anders Hultman, Commenting on FDA delay due to Covid-19\"}]},{\"@type\":\"WebSite\",\"@id\":\"https:\\\/\\\/idldiagnostics.com\\\/#website\",\"url\":\"https:\\\/\\\/idldiagnostics.com\\\/\",\"name\":\"IDL Diagnostics\",\"description\":\"Saving lives with diagnostics\",\"publisher\":{\"@id\":\"https:\\\/\\\/idldiagnostics.com\\\/#organization\"},\"potentialAction\":[{\"@type\":\"SearchAction\",\"target\":{\"@type\":\"EntryPoint\",\"urlTemplate\":\"https:\\\/\\\/idldiagnostics.com\\\/?s={search_term_string}\"},\"query-input\":{\"@type\":\"PropertyValueSpecification\",\"valueRequired\":true,\"valueName\":\"search_term_string\"}}],\"inLanguage\":\"sv-SE\"},{\"@type\":\"Organization\",\"@id\":\"https:\\\/\\\/idldiagnostics.com\\\/#organization\",\"name\":\"IDL Diagnostics\",\"url\":\"https:\\\/\\\/idldiagnostics.com\\\/\",\"logo\":{\"@type\":\"ImageObject\",\"inLanguage\":\"sv-SE\",\"@id\":\"https:\\\/\\\/idldiagnostics.com\\\/#\\\/schema\\\/logo\\\/image\\\/\",\"url\":\"https:\\\/\\\/idldiagnostics.com\\\/wp-content\\\/uploads\\\/2022\\\/10\\\/AroCell_logo.png\",\"contentUrl\":\"https:\\\/\\\/idldiagnostics.com\\\/wp-content\\\/uploads\\\/2022\\\/10\\\/AroCell_logo.png\",\"width\":1713,\"height\":570,\"caption\":\"IDL Diagnostics\"},\"image\":{\"@id\":\"https:\\\/\\\/idldiagnostics.com\\\/#\\\/schema\\\/logo\\\/image\\\/\"},\"sameAs\":[\"https:\\\/\\\/www.facebook.com\\\/arocell\",\"https:\\\/\\\/linkedin.com\\\/company\\\/arocell\"]},{\"@type\":\"Person\",\"@id\":\"https:\\\/\\\/idldiagnostics.com\\\/#\\\/schema\\\/person\\\/c53ef95aed85f62790948e1cc6b8cb70\",\"name\":\"insignjohan\",\"image\":{\"@type\":\"ImageObject\",\"inLanguage\":\"sv-SE\",\"@id\":\"https:\\\/\\\/secure.gravatar.com\\\/avatar\\\/345758487c3b7ccd07f2b9a594ee9ec38f9f4a1bde6ba5316d5464403d76294b?s=96&d=mm&r=g\",\"url\":\"https:\\\/\\\/secure.gravatar.com\\\/avatar\\\/345758487c3b7ccd07f2b9a594ee9ec38f9f4a1bde6ba5316d5464403d76294b?s=96&d=mm&r=g\",\"contentUrl\":\"https:\\\/\\\/secure.gravatar.com\\\/avatar\\\/345758487c3b7ccd07f2b9a594ee9ec38f9f4a1bde6ba5316d5464403d76294b?s=96&d=mm&r=g\",\"caption\":\"insignjohan\"},\"sameAs\":[\"https:\\\/\\\/idldiagnostics.com\"],\"url\":\"https:\\\/\\\/idldiagnostics.com\\\/se\\\/author\\\/insignjohan\\\/\"}]}<\/script>\n<!-- \/ Yoast SEO plugin. -->","yoast_head_json":{"title":"CEO, Anders Hultman, Commenting on FDA delay due to Covid-19 - IDL Diagnostics","robots":{"index":"index","follow":"follow","max-snippet":"max-snippet:-1","max-image-preview":"max-image-preview:large","max-video-preview":"max-video-preview:-1"},"canonical":"https:\/\/idldiagnostics.com\/se\/2021\/01\/20\/ceo-anders-hultman-commenting-on-fda-delay-due-to-covid-19\/","og_locale":"sv_SE","og_type":"article","og_title":"CEO, Anders Hultman, Commenting on FDA delay due to Covid-19 - IDL Diagnostics","og_description":"This weekend the US Food and Drug Administration (FDA) has informed that the impact of the COVID-19 pandemic and the reallocation of staff is leading to an even greater prolonged timeline for reviews of submissions. Anders Hultman, CEO of AroCell, commenting the FDA delay in an interview with Redeye.","og_url":"https:\/\/idldiagnostics.com\/se\/2021\/01\/20\/ceo-anders-hultman-commenting-on-fda-delay-due-to-covid-19\/","og_site_name":"IDL Diagnostics","article_publisher":"https:\/\/www.facebook.com\/arocell","article_published_time":"2021-01-20T09:55:00+00:00","article_modified_time":"2022-09-02T09:06:11+00:00","author":"insignjohan","twitter_card":"summary_large_image","twitter_misc":{"Skriven av":"insignjohan"},"schema":{"@context":"https:\/\/schema.org","@graph":[{"@type":"Article","@id":"https:\/\/idldiagnostics.com\/2021\/01\/20\/ceo-anders-hultman-commenting-on-fda-delay-due-to-covid-19\/#article","isPartOf":{"@id":"https:\/\/idldiagnostics.com\/2021\/01\/20\/ceo-anders-hultman-commenting-on-fda-delay-due-to-covid-19\/"},"author":{"name":"insignjohan","@id":"https:\/\/idldiagnostics.com\/#\/schema\/person\/c53ef95aed85f62790948e1cc6b8cb70"},"headline":"CEO, Anders Hultman, Commenting on FDA delay due to Covid-19","datePublished":"2021-01-20T09:55:00+00:00","dateModified":"2022-09-02T09:06:11+00:00","mainEntityOfPage":{"@id":"https:\/\/idldiagnostics.com\/2021\/01\/20\/ceo-anders-hultman-commenting-on-fda-delay-due-to-covid-19\/"},"wordCount":59,"commentCount":0,"publisher":{"@id":"https:\/\/idldiagnostics.com\/#organization"},"articleSection":["News"],"inLanguage":"sv-SE","potentialAction":[{"@type":"CommentAction","name":"Comment","target":["https:\/\/idldiagnostics.com\/2021\/01\/20\/ceo-anders-hultman-commenting-on-fda-delay-due-to-covid-19\/#respond"]}]},{"@type":"WebPage","@id":"https:\/\/idldiagnostics.com\/2021\/01\/20\/ceo-anders-hultman-commenting-on-fda-delay-due-to-covid-19\/","url":"https:\/\/idldiagnostics.com\/2021\/01\/20\/ceo-anders-hultman-commenting-on-fda-delay-due-to-covid-19\/","name":"CEO, Anders Hultman, Commenting on FDA delay due to Covid-19 - IDL Diagnostics","isPartOf":{"@id":"https:\/\/idldiagnostics.com\/#website"},"datePublished":"2021-01-20T09:55:00+00:00","dateModified":"2022-09-02T09:06:11+00:00","breadcrumb":{"@id":"https:\/\/idldiagnostics.com\/2021\/01\/20\/ceo-anders-hultman-commenting-on-fda-delay-due-to-covid-19\/#breadcrumb"},"inLanguage":"sv-SE","potentialAction":[{"@type":"ReadAction","target":["https:\/\/idldiagnostics.com\/2021\/01\/20\/ceo-anders-hultman-commenting-on-fda-delay-due-to-covid-19\/"]}]},{"@type":"BreadcrumbList","@id":"https:\/\/idldiagnostics.com\/2021\/01\/20\/ceo-anders-hultman-commenting-on-fda-delay-due-to-covid-19\/#breadcrumb","itemListElement":[{"@type":"ListItem","position":1,"name":"Hem","item":"https:\/\/idldiagnostics.com\/"},{"@type":"ListItem","position":2,"name":"CEO, Anders Hultman, Commenting on FDA delay due to Covid-19"}]},{"@type":"WebSite","@id":"https:\/\/idldiagnostics.com\/#website","url":"https:\/\/idldiagnostics.com\/","name":"IDL Diagnostik","description":"R\u00e4dda liv med diagnostik","publisher":{"@id":"https:\/\/idldiagnostics.com\/#organization"},"potentialAction":[{"@type":"SearchAction","target":{"@type":"EntryPoint","urlTemplate":"https:\/\/idldiagnostics.com\/?s={search_term_string}"},"query-input":{"@type":"PropertyValueSpecification","valueRequired":true,"valueName":"search_term_string"}}],"inLanguage":"sv-SE"},{"@type":"Organization","@id":"https:\/\/idldiagnostics.com\/#organization","name":"IDL Diagnostik","url":"https:\/\/idldiagnostics.com\/","logo":{"@type":"ImageObject","inLanguage":"sv-SE","@id":"https:\/\/idldiagnostics.com\/#\/schema\/logo\/image\/","url":"https:\/\/idldiagnostics.com\/wp-content\/uploads\/2022\/10\/AroCell_logo.png","contentUrl":"https:\/\/idldiagnostics.com\/wp-content\/uploads\/2022\/10\/AroCell_logo.png","width":1713,"height":570,"caption":"IDL Diagnostics"},"image":{"@id":"https:\/\/idldiagnostics.com\/#\/schema\/logo\/image\/"},"sameAs":["https:\/\/www.facebook.com\/arocell","https:\/\/linkedin.com\/company\/arocell"]},{"@type":"Person","@id":"https:\/\/idldiagnostics.com\/#\/schema\/person\/c53ef95aed85f62790948e1cc6b8cb70","name":"insignjohan","image":{"@type":"ImageObject","inLanguage":"sv-SE","@id":"https:\/\/secure.gravatar.com\/avatar\/345758487c3b7ccd07f2b9a594ee9ec38f9f4a1bde6ba5316d5464403d76294b?s=96&d=mm&r=g","url":"https:\/\/secure.gravatar.com\/avatar\/345758487c3b7ccd07f2b9a594ee9ec38f9f4a1bde6ba5316d5464403d76294b?s=96&d=mm&r=g","contentUrl":"https:\/\/secure.gravatar.com\/avatar\/345758487c3b7ccd07f2b9a594ee9ec38f9f4a1bde6ba5316d5464403d76294b?s=96&d=mm&r=g","caption":"insignjohan"},"sameAs":["https:\/\/idldiagnostics.com"],"url":"https:\/\/idldiagnostics.com\/se\/author\/insignjohan\/"}]}},"_links":{"self":[{"href":"https:\/\/idldiagnostics.com\/se\/wp-json\/wp\/v2\/posts\/3596","targetHints":{"allow":["GET"]}}],"collection":[{"href":"https:\/\/idldiagnostics.com\/se\/wp-json\/wp\/v2\/posts"}],"about":[{"href":"https:\/\/idldiagnostics.com\/se\/wp-json\/wp\/v2\/types\/post"}],"author":[{"embeddable":true,"href":"https:\/\/idldiagnostics.com\/se\/wp-json\/wp\/v2\/users\/1"}],"replies":[{"embeddable":true,"href":"https:\/\/idldiagnostics.com\/se\/wp-json\/wp\/v2\/comments?post=3596"}],"version-history":[{"count":5,"href":"https:\/\/idldiagnostics.com\/se\/wp-json\/wp\/v2\/posts\/3596\/revisions"}],"predecessor-version":[{"id":3602,"href":"https:\/\/idldiagnostics.com\/se\/wp-json\/wp\/v2\/posts\/3596\/revisions\/3602"}],"wp:attachment":[{"href":"https:\/\/idldiagnostics.com\/se\/wp-json\/wp\/v2\/media?parent=3596"}],"wp:term":[{"taxonomy":"category","embeddable":true,"href":"https:\/\/idldiagnostics.com\/se\/wp-json\/wp\/v2\/categories?post=3596"},{"taxonomy":"post_tag","embeddable":true,"href":"https:\/\/idldiagnostics.com\/se\/wp-json\/wp\/v2\/tags?post=3596"},{"taxonomy":"dipi_cpt_category","embeddable":true,"href":"https:\/\/idldiagnostics.com\/se\/wp-json\/wp\/v2\/dipi_cpt_category?post=3596"}],"curies":[{"name":"wp","href":"https:\/\/api.w.org\/{rel}","templated":true}]}}